{"id":1655,"date":"2023-07-11T19:00:00","date_gmt":"2023-07-12T01:00:00","guid":{"rendered":"https:\/\/unmexicodigital.com\/?p=1655"},"modified":"2023-07-11T19:00:00","modified_gmt":"2023-07-12T01:00:00","slug":"cuenta-subsecretaria-de-transporte-con-resultados-del-plan-integral-de-movilidad-urbana-y-sustentable","status":"publish","type":"post","link":"https:\/\/elapuntador.mx\/index.php\/2023\/07\/11\/cuenta-subsecretaria-de-transporte-con-resultados-del-plan-integral-de-movilidad-urbana-y-sustentable\/","title":{"rendered":"CUENTA SUBSECRETAR\u00cdA DE TRANSPORTE CON RESULTADOS DEL PLAN INTEGRAL DE MOVILIDAD URBANA Y SUSTENTABLE"},"content":{"rendered":"\n<p class=\"wp-block-paragraph\">Ciudad Victoria, Tamaulipas.-La Secretar\u00eda General de Gobierno que dirige H\u00e9ctor Joel Villegas Gonz\u00e1lez a trav\u00e9s de la&nbsp; Subsecretar\u00eda del Transporte P\u00fablico de Tamaulipas cuenta ya con los resultados del estudio realizado por Programa Integral de Movilidad Urbana y Sustentable (PIMUS) lo que permitir\u00e1 emprender acciones en beneficio tanto de los usuarios como de los concesionarios y mejorar la calidad y las condiciones del servicio, asegur\u00f3 Jos\u00e9 Armando Lara Vald\u00e9z.<\/p>\n\n\n\n<p class=\"wp-block-paragraph\">Al participar en el Foro Interconectando Ciudades Inteligentes, organizado por la Comisi\u00f3n de Energ\u00eda de Tamaulipas, el subsecretario de Transporte P\u00fablico present\u00f3 algunas de las iniciativas emprendidas por la dependencia a su cargo, partiendo de una nueva legislaci\u00f3n que otorga el marco jur\u00eddico a todas las acciones que se lleven a cabo.<\/p>\n\n\n\n<p class=\"wp-block-paragraph\">\u201cEl primer paso es contar con una Ley de Movilidad y Transporte P\u00fablico para las ciudades inteligentes, que brinde un marco jur\u00eddico para el desarrollo de una movilidad urbana caracterizada por el principio de sostenibilidad, defensa al derecho de movilidad y mejora a la calidad de vida como componente de participaci\u00f3n ciudadana\u201d, expuso.<\/p>\n\n\n\n<p class=\"wp-block-paragraph\">Agreg\u00f3 que la modernizaci\u00f3n del transporte es un compromiso que el gobernador Am\u00e9rico Villarreal Anaya, tiene con las y los tamaulipecos, siguiendo el Plan Estatal de Desarrollo par tener mejores servicios para el bienestar de las familias.<\/p>\n\n\n\n<p class=\"wp-block-paragraph\">Esta modernizaci\u00f3n incluye el equipamiento de unidades, nuevas rutas y el dise\u00f1o de l\u00edneas troncales, lo cual ha sido producto de un estudio que ya se elabor\u00f3 en el cual resalta que se requiere infraestructura nueva en donde se le da prioridad al peat\u00f3n.<\/p>\n\n\n\n<p class=\"wp-block-paragraph\">Indic\u00f3 que con las acciones que se van a implementar y el uso de nueva tecnolog\u00edas, los usuarios podr\u00e1n conocer el tiempo de espera y la ubicaci\u00f3n de los veh\u00edculos en tiempo real y adem\u00e1s se implementar\u00e1 un sistema electr\u00f3nico de prepago con tarjeta para el servicio p\u00fablico para agilizar los tiempos y terminando con el uso de boletos o el pago con efectivo.<\/p>\n","protected":false},"excerpt":{"rendered":"<p>Ciudad Victoria, Tamaulipas.-La Secretar\u00eda General de Gobierno que dirige H\u00e9ctor Joel Villegas Gonz\u00e1lez a trav\u00e9s de la&nbsp; Subsecretar\u00eda<\/p>\n","protected":false},"author":1,"featured_media":1656,"comment_status":"open","ping_status":"closed","sticky":false,"template":"","format":"standard","meta":{"_crdt_document":"","_jetpack_memberships_contains_paid_content":false,"footnotes":""},"categories":[119,6],"tags":[597,124],"class_list":["post-1655","post","type-post","status-publish","format-standard","has-post-thumbnail","hentry","category-destacadas","category-local","tag-movilidad","tag-tamaulipas"],"featured_image_urls":{"full":["https:\/\/elapuntador.mx\/wp-content\/uploads\/2023\/07\/WhatsApp-Image-2023-07-11-at-5.38.22-PM-850x500-1.jpeg",850,500,false],"thumbnail":["https:\/\/elapuntador.mx\/wp-content\/uploads\/2023\/07\/WhatsApp-Image-2023-07-11-at-5.38.22-PM-850x500-1-150x150.jpeg",150,150,true],"medium":["https:\/\/elapuntador.mx\/wp-content\/uploads\/2023\/07\/WhatsApp-Image-2023-07-11-at-5.38.22-PM-850x500-1-300x176.jpeg",300,176,true],"medium_large":["https:\/\/elapuntador.mx\/wp-content\/uploads\/2023\/07\/WhatsApp-Image-2023-07-11-at-5.38.22-PM-850x500-1-768x452.jpeg",640,377,true],"large":["https:\/\/elapuntador.mx\/wp-content\/uploads\/2023\/07\/WhatsApp-Image-2023-07-11-at-5.38.22-PM-850x500-1.jpeg",640,376,false],"1536x1536":["https:\/\/elapuntador.mx\/wp-content\/uploads\/2023\/07\/WhatsApp-Image-2023-07-11-at-5.38.22-PM-850x500-1.jpeg",850,500,false],"2048x2048":["https:\/\/elapuntador.mx\/wp-content\/uploads\/2023\/07\/WhatsApp-Image-2023-07-11-at-5.38.22-PM-850x500-1.jpeg",850,500,false],"morenews-large":["https:\/\/elapuntador.mx\/wp-content\/uploads\/2023\/07\/WhatsApp-Image-2023-07-11-at-5.38.22-PM-850x500-1-825x500.jpeg",825,500,true],"morenews-medium":["https:\/\/elapuntador.mx\/wp-content\/uploads\/2023\/07\/WhatsApp-Image-2023-07-11-at-5.38.22-PM-850x500-1-590x410.jpeg",590,410,true]},"author_info":{"display_name":"admin","author_link":"https:\/\/elapuntador.mx\/index.php\/author\/elapuntadoroacr\/"},"category_info":"<a href=\"https:\/\/elapuntador.mx\/index.php\/category\/destacadas\/\" rel=\"category tag\">Destacadas<\/a> <a href=\"https:\/\/elapuntador.mx\/index.php\/category\/local\/\" rel=\"category tag\">Local<\/a>","tag_info":"Local","comment_count":"0","jetpack_featured_media_url":"https:\/\/elapuntador.mx\/wp-content\/uploads\/2023\/07\/WhatsApp-Image-2023-07-11-at-5.38.22-PM-850x500-1.jpeg","jetpack_sharing_enabled":true,"_links":{"self":[{"href":"https:\/\/elapuntador.mx\/index.php\/wp-json\/wp\/v2\/posts\/1655","targetHints":{"allow":["GET"]}}],"collection":[{"href":"https:\/\/elapuntador.mx\/index.php\/wp-json\/wp\/v2\/posts"}],"about":[{"href":"https:\/\/elapuntador.mx\/index.php\/wp-json\/wp\/v2\/types\/post"}],"author":[{"embeddable":true,"href":"https:\/\/elapuntador.mx\/index.php\/wp-json\/wp\/v2\/users\/1"}],"replies":[{"embeddable":true,"href":"https:\/\/elapuntador.mx\/index.php\/wp-json\/wp\/v2\/comments?post=1655"}],"version-history":[{"count":0,"href":"https:\/\/elapuntador.mx\/index.php\/wp-json\/wp\/v2\/posts\/1655\/revisions"}],"wp:featuredmedia":[{"embeddable":true,"href":"https:\/\/elapuntador.mx\/index.php\/wp-json\/wp\/v2\/media\/1656"}],"wp:attachment":[{"href":"https:\/\/elapuntador.mx\/index.php\/wp-json\/wp\/v2\/media?parent=1655"}],"wp:term":[{"taxonomy":"category","embeddable":true,"href":"https:\/\/elapuntador.mx\/index.php\/wp-json\/wp\/v2\/categories?post=1655"},{"taxonomy":"post_tag","embeddable":true,"href":"https:\/\/elapuntador.mx\/index.php\/wp-json\/wp\/v2\/tags?post=1655"}],"curies":[{"name":"wp","href":"https:\/\/api.w.org\/{rel}","templated":true}]}}