{"id":2800,"date":"2023-08-25T19:00:00","date_gmt":"2023-08-26T01:00:00","guid":{"rendered":"https:\/\/unmexicodigital.com\/?p=2800"},"modified":"2023-08-25T19:00:00","modified_gmt":"2023-08-26T01:00:00","slug":"familias-victorenses-reciben-tinacos-de-parte-del-gobernador","status":"publish","type":"post","link":"https:\/\/elapuntador.mx\/index.php\/2023\/08\/25\/familias-victorenses-reciben-tinacos-de-parte-del-gobernador\/","title":{"rendered":"FAMILIAS VICTORENSES RECIBEN TINACOS DE PARTE DEL GOBERNADOR"},"content":{"rendered":"\n<p class=\"wp-block-paragraph\">Ciudad Victoria, Tamaulipas. \u2013 Do\u00f1a Eva Luna viene desde la colonia Nueva Esperanza, pero lleg\u00f3 puntual a la cita.<\/p>\n\n\n\n<p class=\"wp-block-paragraph\">Desde unos d\u00edas antes le comunicaron que deb\u00eda estar a las 11 de la ma\u00f1ana de este viernes, para recoger el tinaco que gestion\u00f3 en las oficinas de Atenci\u00f3n Ciudadana del Gobierno del Estado y por eso, pidi\u00f3 a unos vecinos que le ayudaran a llegar.<\/p>\n\n\n\n<p class=\"wp-block-paragraph\">Se acerc\u00f3 al lugar que le correspond\u00eda en la fila y avanz\u00f3 hasta el peque\u00f1o toldo blanco, en donde tres j\u00f3venes checaron sus datos y el folio correspondiente.<\/p>\n\n\n\n<p class=\"wp-block-paragraph\">As\u00ed, sin muchos rodeos, sin tramitolog\u00eda, ni burocratismo, do\u00f1a Eva avanz\u00f3 unos pasos m\u00e1s y recibi\u00f3 un tinaco nuevo con los herrajes para la instalaci\u00f3n.<\/p>\n\n\n\n<p class=\"wp-block-paragraph\">\u201cNos va a servir mucho\u201d, dice con la voz entrecortada y de inmediato agradece al gobernador Am\u00e9rico Villarreal por cumplir su palabra y atender a quienes m\u00e1s lo necesitan.<\/p>\n\n\n\n<p class=\"wp-block-paragraph\">Y las historias se repiten, llegan de diversas colonias de Ciudad Victoria: Azteca, Linda Vista, Am\u00e9rico Villarreal Guerra, Luis Echeverr\u00eda, M\u00e9xico, Patria para Todos, Bethel y varias m\u00e1s.<\/p>\n\n\n\n<p class=\"wp-block-paragraph\">Es la segunda jornada, que esta vez entrega 300 tinacos de 450 litros de capacidad, con lo cual la Direcci\u00f3n de Atenci\u00f3n Ciudadana cumple el compromiso del gobernador Am\u00e9rico Villarreal con todas las personas que se han acercado a \u00e9l, tanto en los eventos, como en las oficinas de la dependencia en Palacio de Gobierno explica Hugo Mendoza Mart\u00ednez, director general de Relaciones P\u00fablicas, Compromisos y Atenci\u00f3n Ciudadana.<\/p>\n\n\n\n<p class=\"wp-block-paragraph\">\u201cVenimos desde la colonia Linda Vista, tardamos m\u00e1s de una hora en llegar, pero muchas gracias al gobernador\u201d, expresa la se\u00f1ora Soraya Guevara, mientras le suben el tinaco a un triciclo en el que lo transportar\u00e1 hasta su domicilio, al otro lado de la ciudad.<\/p>\n\n\n\n<p class=\"wp-block-paragraph\">Do\u00f1a Mar\u00eda Sixta Colchado, es otra de las se\u00f1oras que carga con su tinaco nuevo; ella viene de la colonia Azteca e igualmente, s\u00f3lo tiene palabras de agradecimiento para el gobernador del Estado.<\/p>\n\n\n\n<p class=\"wp-block-paragraph\">\u201cYo fui a pedir un medicamento a las oficinas, ah\u00ed en Gobierno y vi que se estaban anotando para pedir tinacos; les pregunt\u00e9 a las muchachas que si me pod\u00eda anotar y mire, adem\u00e1s de que me apoyaron con las medicinas aqu\u00ed me tiene\u201d, platica, mientras sonr\u00ede.<\/p>\n\n\n\n<p class=\"wp-block-paragraph\">A don Manuel Guevara, de la colonia M\u00e9xico, lo tuvo que ayudar uno de sus vecinos para que llegara a la cita. En un Tsuru tratan de asegurar el tinaco, mientras don Manuel firma la hoja de recibido y se alegra porque sabe que \u00e9l y su esposa ya no van a llenar solo cubetas de agua.<\/p>\n\n\n\n<p class=\"wp-block-paragraph\">\u201cQue buen regalito nos hizo el gobernador, d\u00edganle que gracias y que Dios quiera que siga ayudando a su gente\u201d, comenta Everardo Ju\u00e1rez, de la colonia Am\u00e9rico Villarreal Guerra.<\/p>\n\n\n\n<p class=\"wp-block-paragraph\">La fila cada vez es m\u00e1s numerosa, pero todo marcha en orden, esperan su turno, alistan su identificaci\u00f3n y ven desde el otro lado de la calle como las personas que ya recogieron su tinaco se ayudan entre ellos mismos para trasladarlos.<\/p>\n\n\n\n<p class=\"wp-block-paragraph\">\u201cEs que somos varios de la colonia Am\u00e9rico Villarreal Guerra, yo traigo la camioneta y ah\u00ed me llevo los tinacos para que no batallen\u201d, comenta uno de los hombres que va y viene subiendo tinacos y asegur\u00e1ndolos con las correas para no sufrir alg\u00fan accidente en el trayecto.<\/p>\n\n\n\n<p class=\"wp-block-paragraph\">\u201cQue Dios lo bendiga mucho al gobernador, gracias por preocuparse por nosotros\u201d, dice do\u00f1a Octavia Infante, de la colonia Am\u00e9rico Villarreal Guerra, mientras se despide y emprende el camino de regreso a casa.<\/p>\n","protected":false},"excerpt":{"rendered":"<p>Ciudad Victoria, Tamaulipas. \u2013 Do\u00f1a Eva Luna viene desde la colonia Nueva Esperanza, pero lleg\u00f3 puntual a la<\/p>\n","protected":false},"author":1,"featured_media":2801,"comment_status":"open","ping_status":"closed","sticky":false,"template":"","format":"standard","meta":{"_crdt_document":"","_jetpack_memberships_contains_paid_content":false,"footnotes":""},"categories":[119,6],"tags":[230,120,124],"class_list":["post-2800","post","type-post","status-publish","format-standard","has-post-thumbnail","hentry","category-destacadas","category-local","tag-americo-villarreal-anaya-2","tag-ava","tag-tamaulipas"],"featured_image_urls":{"full":["https:\/\/elapuntador.mx\/wp-content\/uploads\/2023\/09\/188-2023.-Familias-victorenses-reciben-tinacos-de-parte-del-gobernador-1-850x500-1.jpeg",850,500,false],"thumbnail":["https:\/\/elapuntador.mx\/wp-content\/uploads\/2023\/09\/188-2023.-Familias-victorenses-reciben-tinacos-de-parte-del-gobernador-1-850x500-1-150x150.jpeg",150,150,true],"medium":["https:\/\/elapuntador.mx\/wp-content\/uploads\/2023\/09\/188-2023.-Familias-victorenses-reciben-tinacos-de-parte-del-gobernador-1-850x500-1-300x176.jpeg",300,176,true],"medium_large":["https:\/\/elapuntador.mx\/wp-content\/uploads\/2023\/09\/188-2023.-Familias-victorenses-reciben-tinacos-de-parte-del-gobernador-1-850x500-1-768x452.jpeg",640,377,true],"large":["https:\/\/elapuntador.mx\/wp-content\/uploads\/2023\/09\/188-2023.-Familias-victorenses-reciben-tinacos-de-parte-del-gobernador-1-850x500-1.jpeg",640,376,false],"1536x1536":["https:\/\/elapuntador.mx\/wp-content\/uploads\/2023\/09\/188-2023.-Familias-victorenses-reciben-tinacos-de-parte-del-gobernador-1-850x500-1.jpeg",850,500,false],"2048x2048":["https:\/\/elapuntador.mx\/wp-content\/uploads\/2023\/09\/188-2023.-Familias-victorenses-reciben-tinacos-de-parte-del-gobernador-1-850x500-1.jpeg",850,500,false],"morenews-large":["https:\/\/elapuntador.mx\/wp-content\/uploads\/2023\/09\/188-2023.-Familias-victorenses-reciben-tinacos-de-parte-del-gobernador-1-850x500-1-825x500.jpeg",825,500,true],"morenews-medium":["https:\/\/elapuntador.mx\/wp-content\/uploads\/2023\/09\/188-2023.-Familias-victorenses-reciben-tinacos-de-parte-del-gobernador-1-850x500-1-590x410.jpeg",590,410,true]},"author_info":{"display_name":"admin","author_link":"https:\/\/elapuntador.mx\/index.php\/author\/elapuntadoroacr\/"},"category_info":"<a href=\"https:\/\/elapuntador.mx\/index.php\/category\/destacadas\/\" rel=\"category tag\">Destacadas<\/a> <a href=\"https:\/\/elapuntador.mx\/index.php\/category\/local\/\" rel=\"category tag\">Local<\/a>","tag_info":"Local","comment_count":"0","jetpack_featured_media_url":"https:\/\/elapuntador.mx\/wp-content\/uploads\/2023\/09\/188-2023.-Familias-victorenses-reciben-tinacos-de-parte-del-gobernador-1-850x500-1.jpeg","jetpack_sharing_enabled":true,"_links":{"self":[{"href":"https:\/\/elapuntador.mx\/index.php\/wp-json\/wp\/v2\/posts\/2800","targetHints":{"allow":["GET"]}}],"collection":[{"href":"https:\/\/elapuntador.mx\/index.php\/wp-json\/wp\/v2\/posts"}],"about":[{"href":"https:\/\/elapuntador.mx\/index.php\/wp-json\/wp\/v2\/types\/post"}],"author":[{"embeddable":true,"href":"https:\/\/elapuntador.mx\/index.php\/wp-json\/wp\/v2\/users\/1"}],"replies":[{"embeddable":true,"href":"https:\/\/elapuntador.mx\/index.php\/wp-json\/wp\/v2\/comments?post=2800"}],"version-history":[{"count":0,"href":"https:\/\/elapuntador.mx\/index.php\/wp-json\/wp\/v2\/posts\/2800\/revisions"}],"wp:featuredmedia":[{"embeddable":true,"href":"https:\/\/elapuntador.mx\/index.php\/wp-json\/wp\/v2\/media\/2801"}],"wp:attachment":[{"href":"https:\/\/elapuntador.mx\/index.php\/wp-json\/wp\/v2\/media?parent=2800"}],"wp:term":[{"taxonomy":"category","embeddable":true,"href":"https:\/\/elapuntador.mx\/index.php\/wp-json\/wp\/v2\/categories?post=2800"},{"taxonomy":"post_tag","embeddable":true,"href":"https:\/\/elapuntador.mx\/index.php\/wp-json\/wp\/v2\/tags?post=2800"}],"curies":[{"name":"wp","href":"https:\/\/api.w.org\/{rel}","templated":true}]}}