{"id":2818,"date":"2023-08-28T18:00:00","date_gmt":"2023-08-29T00:00:00","guid":{"rendered":"https:\/\/unmexicodigital.com\/?p=2818"},"modified":"2023-08-28T18:00:00","modified_gmt":"2023-08-29T00:00:00","slug":"tamaulipas-participa-con-el-presidente-lopez-obrador-en-ceremonia-del-nuevo-ciclo-escolar","status":"publish","type":"post","link":"https:\/\/elapuntador.mx\/index.php\/2023\/08\/28\/tamaulipas-participa-con-el-presidente-lopez-obrador-en-ceremonia-del-nuevo-ciclo-escolar\/","title":{"rendered":"TAMAULIPAS PARTICIPA CON EL PRESIDENTE L\u00d3PEZ OBRADOR EN CEREMONIA DEL NUEVO CICLO ESCOLAR"},"content":{"rendered":"\n<p class=\"wp-block-paragraph\">San Fernando, Tamaulipas.- En el marco del inicio del ciclo escolar 2023-2024 y la entrega simb\u00f3lica de m\u00e1s de tres millones de libros de texto gratuitos y 48 mil 937 paquetes de \u00fatiles y uniformes escolares de educaci\u00f3n b\u00e1sica, el gobernador Am\u00e9rico Villarreal Anaya llam\u00f3 a conjuntar voluntades entre magisterio, padres de familia, alumnas, alumnos y la sociedad en su conjunto, a fin de lograr mejores niveles de vida y poder entregar mejores generaciones.<\/p>\n\n\n\n<p class=\"wp-block-paragraph\">Previo al inicio de la ceremonia celebrada en el patio de la escuela \u00abAlberto Carrera Torres\u00bb de este municipio, el gobernador hizo un enlace en vivo con la conferencia del presidente Andr\u00e9s Manuel L\u00f3pez Obrador, a quien le reiter\u00f3 que en Tamaulipas, \u201cestamos convencidos que para transformar, necesitamos educar, educar y continuar con la educaci\u00f3n\u201d y refrend\u00f3 su apoyo irrestricto a la Nueva Escuela Mexicana.<\/p>\n\n\n\n<p class=\"wp-block-paragraph\">\u00abHoy tenemos el gusto de decirle que el 100% de los libros escolares gratuitos que equivalen a 3 millones y medio de estos libros ya se encuentran distribuidos en todas nuestras escuelas para que inicie este ciclo escolar\u00bb, expres\u00f3 rodeado por las y los alumnos de este plantel.<\/p>\n\n\n\n<p class=\"wp-block-paragraph\">\u00abEstamos seguros que para la transformaci\u00f3n se necesitan tres cosas muy importantes: educaci\u00f3n, educaci\u00f3n y m\u00e1s educaci\u00f3n\u00bb, indic\u00f3 en su mensaje.<\/p>\n\n\n\n<p class=\"wp-block-paragraph\">Acompa\u00f1ado por Raquel Sosa El\u00edzaga, titular del Organismo Coordinador de las Universidades para el Bienestar \u00abBenito Ju\u00e1rez\u00bb y representante de la secretaria de Educaci\u00f3n P\u00fablica, Leticia Ram\u00edrez Amaya; por la titular de Educaci\u00f3n estatal Luc\u00eda Aim\u00e9 Castillo Pastor y el dirigente de la Secci\u00f3n 30 del Sindicato Nacional de Trabajadores de la Educaci\u00f3n (SNTE), Arnulfo Rodr\u00edguez Trevi\u00f1o, Villarreal Anaya dio inicio a la entrega de 48 mil 937 paquetes de \u00fatiles y uniformes escolares a alumnos de 20 municipios.<\/p>\n\n\n\n<p class=\"wp-block-paragraph\">\u00abLo que hemos podido constatar a lo largo de esta ceremonia, es c\u00f3mo este gobierno sensible y atento de las necesidades de su pueblo, que encabeza el gran presidente de M\u00e9xico, el licenciado Andr\u00e9s Manuel L\u00f3pez Obrador, nos da las herramientas para que esta semilla fructifique, para que esta semilla se siembre en tierra f\u00e9rtil, se abone y crezcan individuos \u00fatiles a la patria y con un mejor destino como personas\u00bb, afirm\u00f3.<\/p>\n\n\n\n<p class=\"wp-block-paragraph\">Por su parte, Raquel Sosa El\u00edzaga, record\u00f3 que en Tamaulipas las Universidades \u201cBenito Ju\u00e1rez\u201d, son ya una realidad y expres\u00f3 su reconocimiento al gobernador Am\u00e9rico Villarreal.<\/p>\n\n\n\n<p class=\"wp-block-paragraph\">\u00abMe ha dado una gran alegr\u00eda tener la posibilidad de conocerlos y de saber que Tamaulipas est\u00e1 a salvo por sus ni\u00f1os y sus ni\u00f1as que van a poder reconstruir este Estado, que van a tener toda la esperanza, toda la alegr\u00eda, toda la fuerza que se necesita para que Tamaulipas sea la primera frontera con los Estados Unidos\u00bb.<\/p>\n\n\n\n<p class=\"wp-block-paragraph\">En su participaci\u00f3n, la titular de la SET, Luc\u00eda Aim\u00e9 Castillo Pastor, asegur\u00f3 que por primera vez en el pa\u00eds la gran familia que somos se ve reflejada ampliamente en los libros de texto gratuitos, \u00ablibros que son herramientas de aprendizaje para nuestras ni\u00f1as y ni\u00f1os\u00bb, dijo.<\/p>\n\n\n\n<p class=\"wp-block-paragraph\">\u00abEsos libros son la voz de pedagogos, pero sin duda tambi\u00e9n de maestros y maestras con experiencia en las aulas, son consecuencia de a\u00f1os de pr\u00e1ctica docente, de investigaci\u00f3n y de reformas legislativas de calado profundo como la del art\u00edculo tercero constitucional\u00bb, indic\u00f3.<\/p>\n\n\n\n<p class=\"wp-block-paragraph\">La secretaria de Educaci\u00f3n hizo un reconocimiento a las y los maestros de Tamaulipas y record\u00f3 que como lo ha dicho el gobernador, \u00abustedes son la piedra angular de la transformaci\u00f3n\u00bb.<\/p>\n\n\n\n<p class=\"wp-block-paragraph\">\u00abUstedes son agentes de cambio por vocaci\u00f3n, es gracias a su esfuerzo y prop\u00f3sito de ense\u00f1ar, de su generoso acto de ense\u00f1ar, como nuestras ni\u00f1as y ni\u00f1os y j\u00f3venes se construyen la vida. Gracias por su contundente ejemplo de lo que significa ser en sociedad. Gracias por ser ejemplo, porque el ejemplo arrastra\u00bb, mencion\u00f3.<\/p>\n\n\n\n<p class=\"wp-block-paragraph\">Tambi\u00e9n Arnulfo Rodr\u00edguez Trevi\u00f1o, secretario general de la secci\u00f3n 30 del SNTE, llam\u00f3 a reconocer la labor y contribuci\u00f3n de 20 maestros tamaulipecos que participaron en la elaboraci\u00f3n de los libros de texto gratuitos y asegur\u00f3 al gobernador Am\u00e9rico Villarreal, \u00abque cuenta con un ej\u00e9rcito combativo en los maestros Tamaulipas\u00bb.<\/p>\n\n\n\n<p class=\"wp-block-paragraph\">En la ceremonia se cont\u00f3 con la participaci\u00f3n de destacados alumnos y alumnas de San Fernando: el valor del mes estuvo a cargo de Tadeo Sebasti\u00e1n Leos Garc\u00eda, ganador del concurso de dibujo Transf\u00f3rmate en el superh\u00e9roe y la superhero\u00edna de Tamaulipas, as\u00ed como Nayla Chible Hern\u00e1ndez, alumna de sexto grado de la escuela \u00abBenito Ju\u00e1rez\u00bb, quien particip\u00f3 en el Doceavo Parlamento de las Ni\u00f1as y los Ni\u00f1os en la Ciudad de M\u00e9xico y adem\u00e1s compiti\u00f3 en los Juegos Escolares en las disciplinas de basquetbol y ajedrez.<\/p>\n\n\n\n<p class=\"wp-block-paragraph\">Acompa\u00f1aron al gobernador: la presidenta municipal de San Fernando, Maybella Ram\u00edrez Sald\u00edvar; Francisco Pe\u00f1a Castro, director de la Escuela Primaria \u201cAlberto Carrera Torres\u201d; el diputado Eliphaleth G\u00f3mez Lozano y Jorge Miguel Cota Katzenstein, representante del CEN del SNTE.<\/p>\n\n\n\n<p class=\"wp-block-paragraph\">Tambi\u00e9n se dieron cita el secretario general de Gobierno, H\u00e9ctor Joel Villegas; general Roberto Claudio del Rosal Ibarra, comandante de la Octava Zona Militar; vicealmirante Juan Lozano Figueroa, comandante de la Primera Zona Naval; general Francisco Alvarado Ter\u00e1n, coordinador de la Guardia Nacional en Tamaulipas; el secretario de Seguridad P\u00fablica, Sergio Ch\u00e1vez Garc\u00eda; la secretaria de Bienestar Social, Ver\u00f3nica Aguirre de los Santos y Luis Lauro Reyes Rodr\u00edguez, delegado federal de Programas para el Bienestar.<\/p>\n","protected":false},"excerpt":{"rendered":"<p>San Fernando, Tamaulipas.- En el marco del inicio del ciclo escolar 2023-2024 y la entrega simb\u00f3lica de m\u00e1s<\/p>\n","protected":false},"author":1,"featured_media":2819,"comment_status":"open","ping_status":"closed","sticky":false,"template":"","format":"standard","meta":{"_crdt_document":"","_jetpack_memberships_contains_paid_content":false,"footnotes":""},"categories":[231,119,6],"tags":[230,120,132,124],"class_list":["post-2818","post","type-post","status-publish","format-standard","has-post-thumbnail","hentry","category-destacada","category-destacadas","category-local","tag-americo-villarreal-anaya-2","tag-ava","tag-set","tag-tamaulipas"],"featured_image_urls":{"full":["https:\/\/elapuntador.mx\/wp-content\/uploads\/2023\/09\/189-2023.-Tamaulipas-participa-con-el-presidente-Lopez-Obrador-en-ceremonia-del-nuevo-ciclo-escolar-18.jpg",1200,800,false],"thumbnail":["https:\/\/elapuntador.mx\/wp-content\/uploads\/2023\/09\/189-2023.-Tamaulipas-participa-con-el-presidente-Lopez-Obrador-en-ceremonia-del-nuevo-ciclo-escolar-18-150x150.jpg",150,150,true],"medium":["https:\/\/elapuntador.mx\/wp-content\/uploads\/2023\/09\/189-2023.-Tamaulipas-participa-con-el-presidente-Lopez-Obrador-en-ceremonia-del-nuevo-ciclo-escolar-18-300x200.jpg",300,200,true],"medium_large":["https:\/\/elapuntador.mx\/wp-content\/uploads\/2023\/09\/189-2023.-Tamaulipas-participa-con-el-presidente-Lopez-Obrador-en-ceremonia-del-nuevo-ciclo-escolar-18-768x512.jpg",640,427,true],"large":["https:\/\/elapuntador.mx\/wp-content\/uploads\/2023\/09\/189-2023.-Tamaulipas-participa-con-el-presidente-Lopez-Obrador-en-ceremonia-del-nuevo-ciclo-escolar-18-1024x683.jpg",640,427,true],"1536x1536":["https:\/\/elapuntador.mx\/wp-content\/uploads\/2023\/09\/189-2023.-Tamaulipas-participa-con-el-presidente-Lopez-Obrador-en-ceremonia-del-nuevo-ciclo-escolar-18.jpg",1200,800,false],"2048x2048":["https:\/\/elapuntador.mx\/wp-content\/uploads\/2023\/09\/189-2023.-Tamaulipas-participa-con-el-presidente-Lopez-Obrador-en-ceremonia-del-nuevo-ciclo-escolar-18.jpg",1200,800,false],"morenews-large":["https:\/\/elapuntador.mx\/wp-content\/uploads\/2023\/09\/189-2023.-Tamaulipas-participa-con-el-presidente-Lopez-Obrador-en-ceremonia-del-nuevo-ciclo-escolar-18-825x575.jpg",825,575,true],"morenews-medium":["https:\/\/elapuntador.mx\/wp-content\/uploads\/2023\/09\/189-2023.-Tamaulipas-participa-con-el-presidente-Lopez-Obrador-en-ceremonia-del-nuevo-ciclo-escolar-18-590x410.jpg",590,410,true]},"author_info":{"display_name":"admin","author_link":"https:\/\/elapuntador.mx\/index.php\/author\/elapuntadoroacr\/"},"category_info":"<a href=\"https:\/\/elapuntador.mx\/index.php\/category\/destacada\/\" rel=\"category tag\">Destacada<\/a> <a href=\"https:\/\/elapuntador.mx\/index.php\/category\/destacadas\/\" rel=\"category tag\">Destacadas<\/a> <a href=\"https:\/\/elapuntador.mx\/index.php\/category\/local\/\" rel=\"category tag\">Local<\/a>","tag_info":"Local","comment_count":"0","jetpack_featured_media_url":"https:\/\/elapuntador.mx\/wp-content\/uploads\/2023\/09\/189-2023.-Tamaulipas-participa-con-el-presidente-Lopez-Obrador-en-ceremonia-del-nuevo-ciclo-escolar-18.jpg","jetpack_sharing_enabled":true,"_links":{"self":[{"href":"https:\/\/elapuntador.mx\/index.php\/wp-json\/wp\/v2\/posts\/2818","targetHints":{"allow":["GET"]}}],"collection":[{"href":"https:\/\/elapuntador.mx\/index.php\/wp-json\/wp\/v2\/posts"}],"about":[{"href":"https:\/\/elapuntador.mx\/index.php\/wp-json\/wp\/v2\/types\/post"}],"author":[{"embeddable":true,"href":"https:\/\/elapuntador.mx\/index.php\/wp-json\/wp\/v2\/users\/1"}],"replies":[{"embeddable":true,"href":"https:\/\/elapuntador.mx\/index.php\/wp-json\/wp\/v2\/comments?post=2818"}],"version-history":[{"count":0,"href":"https:\/\/elapuntador.mx\/index.php\/wp-json\/wp\/v2\/posts\/2818\/revisions"}],"wp:featuredmedia":[{"embeddable":true,"href":"https:\/\/elapuntador.mx\/index.php\/wp-json\/wp\/v2\/media\/2819"}],"wp:attachment":[{"href":"https:\/\/elapuntador.mx\/index.php\/wp-json\/wp\/v2\/media?parent=2818"}],"wp:term":[{"taxonomy":"category","embeddable":true,"href":"https:\/\/elapuntador.mx\/index.php\/wp-json\/wp\/v2\/categories?post=2818"},{"taxonomy":"post_tag","embeddable":true,"href":"https:\/\/elapuntador.mx\/index.php\/wp-json\/wp\/v2\/tags?post=2818"}],"curies":[{"name":"wp","href":"https:\/\/api.w.org\/{rel}","templated":true}]}}